{"id":368,"date":"2017-06-21T09:12:59","date_gmt":"2017-06-21T08:12:59","guid":{"rendered":"http:\/\/krankenpflege-dressen.de\/?p=368"},"modified":"2023-04-28T09:39:42","modified_gmt":"2023-04-28T08:39:42","slug":"auch-2017-sehr-gut","status":"publish","type":"post","link":"http:\/\/krankenpflege-dressen.de\/?p=368","title":{"rendered":"Auch 2017 &#8222;sehr gut&#8220;!"},"content":{"rendered":"<p>Am 13.06.2017 fand die allj\u00e4hrliche Qualit\u00e4tspr\u00fcfung durch den MDK Nordrhein statt.<br \/>\nUnd wieder haben wir die Note: &#8222;Sehr gut&#8220; erhalten. Auch unsere Kunden haben uns mit &#8222;Sehr gut&#8220; benotet.<br \/>\nUnd das schon seit 2014.<\/p>\n<p>Wir bedanken uns bei unseren Mitarbeitern und Kunden f\u00fcr dieses Ergebnis.<\/p>\n<p>Klicken Sie auf <span style=\"color: #339966;\"><a style=\"color: #339966;\" href=\"http:\/\/krankenpflege-dressen.de\/wp-content\/uploads\/2017\/06\/MDK-Pr\u00fcfung-2017.pdf\">mdk-pruefung-2017<\/a><\/span><\/p>\n","protected":false},"excerpt":{"rendered":"<p>Am 13.06.2017 fand die allj\u00e4hrliche Qualit\u00e4tspr\u00fcfung durch den MDK Nordrhein statt. Und wieder haben wir die Note: &#8222;Sehr gut&#8220; erhalten. Auch unsere Kunden haben uns mit &#8222;Sehr gut&#8220; benotet. Und das schon seit 2014. Wir bedanken uns bei unseren Mitarbeitern und Kunden f\u00fcr dieses Ergebnis. Klicken Sie auf mdk-pruefung-2017<\/p>\n","protected":false},"author":3,"featured_media":405,"comment_status":"closed","ping_status":"closed","sticky":false,"template":"","format":"standard","meta":{"footnotes":""},"categories":[1],"tags":[47,48],"class_list":["post-368","post","type-post","status-publish","format-standard","has-post-thumbnail","hentry","category-allgemein","tag-mdk","tag-mdk-pruefung"],"_links":{"self":[{"href":"http:\/\/krankenpflege-dressen.de\/index.php?rest_route=\/wp\/v2\/posts\/368","targetHints":{"allow":["GET"]}}],"collection":[{"href":"http:\/\/krankenpflege-dressen.de\/index.php?rest_route=\/wp\/v2\/posts"}],"about":[{"href":"http:\/\/krankenpflege-dressen.de\/index.php?rest_route=\/wp\/v2\/types\/post"}],"author":[{"embeddable":true,"href":"http:\/\/krankenpflege-dressen.de\/index.php?rest_route=\/wp\/v2\/users\/3"}],"replies":[{"embeddable":true,"href":"http:\/\/krankenpflege-dressen.de\/index.php?rest_route=%2Fwp%2Fv2%2Fcomments&post=368"}],"version-history":[{"count":5,"href":"http:\/\/krankenpflege-dressen.de\/index.php?rest_route=\/wp\/v2\/posts\/368\/revisions"}],"predecessor-version":[{"id":404,"href":"http:\/\/krankenpflege-dressen.de\/index.php?rest_route=\/wp\/v2\/posts\/368\/revisions\/404"}],"wp:featuredmedia":[{"embeddable":true,"href":"http:\/\/krankenpflege-dressen.de\/index.php?rest_route=\/wp\/v2\/media\/405"}],"wp:attachment":[{"href":"http:\/\/krankenpflege-dressen.de\/index.php?rest_route=%2Fwp%2Fv2%2Fmedia&parent=368"}],"wp:term":[{"taxonomy":"category","embeddable":true,"href":"http:\/\/krankenpflege-dressen.de\/index.php?rest_route=%2Fwp%2Fv2%2Fcategories&post=368"},{"taxonomy":"post_tag","embeddable":true,"href":"http:\/\/krankenpflege-dressen.de\/index.php?rest_route=%2Fwp%2Fv2%2Ftags&post=368"}],"curies":[{"name":"wp","href":"https:\/\/api.w.org\/{rel}","templated":true}]}}